{"id":15649,"date":"2026-04-28T13:46:34","date_gmt":"2026-04-28T11:46:34","guid":{"rendered":"https:\/\/www.kastel.it\/clerkenwell-design-week-london\/"},"modified":"2026-04-29T15:32:31","modified_gmt":"2026-04-29T13:32:31","slug":"clerkenwell-design-week-london","status":"publish","type":"post","link":"https:\/\/www.kastel.it\/es\/clerkenwell-design-week-london\/","title":{"rendered":"Clerkenwell Design Week &#8211; London"},"content":{"rendered":"<p>Del 19 al 21 de mayo, estaremos en el coraz\u00f3n del dise\u00f1o brit\u00e1nico durante la Clerkenwell Design Week. Junto con nuestros socios de FremGroup, estamos listos para conectar con la comunidad de arquitectos y dise\u00f1adores del Reino Unido.<\/p>\n<p>Presentamos la evoluci\u00f3n de nuestras colecciones 2026: un nuevo cap\u00edtulo en la l\u00ednea de Seating for a Feel-Good Project. Descubre c\u00f3mo los materiales sostenibles y el dise\u00f1o contempor\u00e1neo se combinan para crear espacios que priorizan el bienestar.<\/p>\n<p>Vis\u00edtenos y emprenda un viaje a trav\u00e9s del confort y la investigaci\u00f3n.<\/p>\n","protected":false},"excerpt":{"rendered":"<p>Del 19 al 21 de mayo, estaremos en el coraz\u00f3n del dise\u00f1o brit\u00e1nico durante la Clerkenwell Design Week. Junto con nuestros socios de FremGroup, estamos listos para conectar con la comunidad de arquitectos y dise\u00f1adores del Reino Unido. Presentamos la&#8230;<\/p>\n","protected":false},"author":2,"featured_media":0,"comment_status":"closed","ping_status":"closed","sticky":false,"template":"","format":"standard","meta":{"_acf_changed":false,"inline_featured_image":false,"footnotes":""},"categories":[814],"class_list":["post-15649","post","type-post","status-publish","format-standard","hentry","category-noticias"],"acf":[],"yoast_head":"<!-- This site is optimized with the Yoast SEO plugin v26.1.1 - https:\/\/yoast.com\/wordpress\/plugins\/seo\/ -->\n<title>Clerkenwell Design Week - London - Kastel<\/title>\n<meta name=\"robots\" content=\"index, follow, max-snippet:-1, max-image-preview:large, max-video-preview:-1\" \/>\n<link rel=\"canonical\" href=\"https:\/\/www.kastel.it\/es\/clerkenwell-design-week-london\/\" \/>\n<meta property=\"og:locale\" content=\"es_ES\" \/>\n<meta property=\"og:type\" content=\"article\" \/>\n<meta property=\"og:title\" content=\"Clerkenwell Design Week - London - Kastel\" \/>\n<meta property=\"og:description\" content=\"Del 19 al 21 de mayo, estaremos en el coraz\u00f3n del dise\u00f1o brit\u00e1nico durante la Clerkenwell Design Week. Junto con nuestros socios de FremGroup, estamos listos para conectar con la comunidad de arquitectos y dise\u00f1adores del Reino Unido. Presentamos la...\" \/>\n<meta property=\"og:url\" content=\"https:\/\/www.kastel.it\/es\/clerkenwell-design-week-london\/\" \/>\n<meta property=\"og:site_name\" content=\"Kastel\" \/>\n<meta property=\"article:publisher\" content=\"https:\/\/www.facebook.com\/kasteldesignsrl\/\" \/>\n<meta property=\"article:published_time\" content=\"2026-04-28T11:46:34+00:00\" \/>\n<meta property=\"article:modified_time\" content=\"2026-04-29T13:32:31+00:00\" \/>\n<meta name=\"author\" content=\"kastel\" \/>\n<meta name=\"twitter:card\" content=\"summary_large_image\" \/>\n<meta name=\"twitter:label1\" content=\"Escrito por\" \/>\n\t<meta name=\"twitter:data1\" content=\"kastel\" \/>\n\t<meta name=\"twitter:label2\" content=\"Tiempo de lectura\" \/>\n\t<meta name=\"twitter:data2\" content=\"1 minuto\" \/>\n<script type=\"application\/ld+json\" class=\"yoast-schema-graph\">{\"@context\":\"https:\/\/schema.org\",\"@graph\":[{\"@type\":\"WebPage\",\"@id\":\"https:\/\/www.kastel.it\/es\/clerkenwell-design-week-london\/\",\"url\":\"https:\/\/www.kastel.it\/es\/clerkenwell-design-week-london\/\",\"name\":\"Clerkenwell Design Week - London - Kastel\",\"isPartOf\":{\"@id\":\"https:\/\/www.kastel.it\/es\/#website\"},\"datePublished\":\"2026-04-28T11:46:34+00:00\",\"dateModified\":\"2026-04-29T13:32:31+00:00\",\"author\":{\"@id\":\"https:\/\/www.kastel.it\/es\/#\/schema\/person\/a5c40250c6fdfc6fc93e9aeff0094d40\"},\"inLanguage\":\"es\",\"potentialAction\":[{\"@type\":\"ReadAction\",\"target\":[\"https:\/\/www.kastel.it\/es\/clerkenwell-design-week-london\/\"]}]},{\"@type\":\"WebSite\",\"@id\":\"https:\/\/www.kastel.it\/es\/#website\",\"url\":\"https:\/\/www.kastel.it\/es\/\",\"name\":\"Kastel\",\"description\":\"Kastel opera nel settore dell&#039;arredo con produzioni diversificate di sedute per ufficio, comunit\u00e0 e casa. Sedie, tavoli e sgabelli dal design e comfort ricercati.\",\"potentialAction\":[{\"@type\":\"SearchAction\",\"target\":{\"@type\":\"EntryPoint\",\"urlTemplate\":\"https:\/\/www.kastel.it\/es\/?s={search_term_string}\"},\"query-input\":{\"@type\":\"PropertyValueSpecification\",\"valueRequired\":true,\"valueName\":\"search_term_string\"}}],\"inLanguage\":\"es\"},{\"@type\":\"Person\",\"@id\":\"https:\/\/www.kastel.it\/es\/#\/schema\/person\/a5c40250c6fdfc6fc93e9aeff0094d40\",\"name\":\"kastel\",\"image\":{\"@type\":\"ImageObject\",\"inLanguage\":\"es\",\"@id\":\"https:\/\/www.kastel.it\/es\/#\/schema\/person\/image\/\",\"url\":\"https:\/\/secure.gravatar.com\/avatar\/ec3fdd2a76dfc42ec441c03f7f433fa909d566a5c5e6635c066777c8494aaa77?s=96&d=mm&r=g\",\"contentUrl\":\"https:\/\/secure.gravatar.com\/avatar\/ec3fdd2a76dfc42ec441c03f7f433fa909d566a5c5e6635c066777c8494aaa77?s=96&d=mm&r=g\",\"caption\":\"kastel\"}}]}<\/script>\n<!-- \/ Yoast SEO plugin. -->","yoast_head_json":{"title":"Clerkenwell Design Week - London - Kastel","robots":{"index":"index","follow":"follow","max-snippet":"max-snippet:-1","max-image-preview":"max-image-preview:large","max-video-preview":"max-video-preview:-1"},"canonical":"https:\/\/www.kastel.it\/es\/clerkenwell-design-week-london\/","og_locale":"es_ES","og_type":"article","og_title":"Clerkenwell Design Week - London - Kastel","og_description":"Del 19 al 21 de mayo, estaremos en el coraz\u00f3n del dise\u00f1o brit\u00e1nico durante la Clerkenwell Design Week. Junto con nuestros socios de FremGroup, estamos listos para conectar con la comunidad de arquitectos y dise\u00f1adores del Reino Unido. Presentamos la...","og_url":"https:\/\/www.kastel.it\/es\/clerkenwell-design-week-london\/","og_site_name":"Kastel","article_publisher":"https:\/\/www.facebook.com\/kasteldesignsrl\/","article_published_time":"2026-04-28T11:46:34+00:00","article_modified_time":"2026-04-29T13:32:31+00:00","author":"kastel","twitter_card":"summary_large_image","twitter_misc":{"Escrito por":"kastel","Tiempo de lectura":"1 minuto"},"schema":{"@context":"https:\/\/schema.org","@graph":[{"@type":"WebPage","@id":"https:\/\/www.kastel.it\/es\/clerkenwell-design-week-london\/","url":"https:\/\/www.kastel.it\/es\/clerkenwell-design-week-london\/","name":"Clerkenwell Design Week - London - Kastel","isPartOf":{"@id":"https:\/\/www.kastel.it\/es\/#website"},"datePublished":"2026-04-28T11:46:34+00:00","dateModified":"2026-04-29T13:32:31+00:00","author":{"@id":"https:\/\/www.kastel.it\/es\/#\/schema\/person\/a5c40250c6fdfc6fc93e9aeff0094d40"},"inLanguage":"es","potentialAction":[{"@type":"ReadAction","target":["https:\/\/www.kastel.it\/es\/clerkenwell-design-week-london\/"]}]},{"@type":"WebSite","@id":"https:\/\/www.kastel.it\/es\/#website","url":"https:\/\/www.kastel.it\/es\/","name":"Kastel","description":"Kastel opera nel settore dell&#039;arredo con produzioni diversificate di sedute per ufficio, comunit\u00e0 e casa. Sedie, tavoli e sgabelli dal design e comfort ricercati.","potentialAction":[{"@type":"SearchAction","target":{"@type":"EntryPoint","urlTemplate":"https:\/\/www.kastel.it\/es\/?s={search_term_string}"},"query-input":{"@type":"PropertyValueSpecification","valueRequired":true,"valueName":"search_term_string"}}],"inLanguage":"es"},{"@type":"Person","@id":"https:\/\/www.kastel.it\/es\/#\/schema\/person\/a5c40250c6fdfc6fc93e9aeff0094d40","name":"kastel","image":{"@type":"ImageObject","inLanguage":"es","@id":"https:\/\/www.kastel.it\/es\/#\/schema\/person\/image\/","url":"https:\/\/secure.gravatar.com\/avatar\/ec3fdd2a76dfc42ec441c03f7f433fa909d566a5c5e6635c066777c8494aaa77?s=96&d=mm&r=g","contentUrl":"https:\/\/secure.gravatar.com\/avatar\/ec3fdd2a76dfc42ec441c03f7f433fa909d566a5c5e6635c066777c8494aaa77?s=96&d=mm&r=g","caption":"kastel"}}]}},"_links":{"self":[{"href":"https:\/\/www.kastel.it\/es\/wp-json\/wp\/v2\/posts\/15649","targetHints":{"allow":["GET"]}}],"collection":[{"href":"https:\/\/www.kastel.it\/es\/wp-json\/wp\/v2\/posts"}],"about":[{"href":"https:\/\/www.kastel.it\/es\/wp-json\/wp\/v2\/types\/post"}],"author":[{"embeddable":true,"href":"https:\/\/www.kastel.it\/es\/wp-json\/wp\/v2\/users\/2"}],"replies":[{"embeddable":true,"href":"https:\/\/www.kastel.it\/es\/wp-json\/wp\/v2\/comments?post=15649"}],"version-history":[{"count":1,"href":"https:\/\/www.kastel.it\/es\/wp-json\/wp\/v2\/posts\/15649\/revisions"}],"predecessor-version":[{"id":15653,"href":"https:\/\/www.kastel.it\/es\/wp-json\/wp\/v2\/posts\/15649\/revisions\/15653"}],"wp:attachment":[{"href":"https:\/\/www.kastel.it\/es\/wp-json\/wp\/v2\/media?parent=15649"}],"wp:term":[{"taxonomy":"category","embeddable":true,"href":"https:\/\/www.kastel.it\/es\/wp-json\/wp\/v2\/categories?post=15649"}],"curies":[{"name":"wp","href":"https:\/\/api.w.org\/{rel}","templated":true}]}}