{"id":15647,"date":"2026-04-28T13:46:34","date_gmt":"2026-04-28T11:46:34","guid":{"rendered":"https:\/\/www.kastel.it\/clerkenwell-design-week-london\/"},"modified":"2026-04-28T16:54:46","modified_gmt":"2026-04-28T14:54:46","slug":"clerkenwell-design-week-london","status":"publish","type":"post","link":"https:\/\/www.kastel.it\/fr\/clerkenwell-design-week-london\/","title":{"rendered":"Clerkenwell Design Week &#8211; London"},"content":{"rendered":"<p>Du 19 au 21 mai, nous serons au c\u0153ur du design britannique pour la Clerkenwell Design Week. Avec nos partenaires de FremGroup, nous sommes pr\u00eats \u00e0 nous connecter avec la communaut\u00e9 des architectes et designers au Royaume-Uni.<\/p>\n<p>Nous y pr\u00e9sentons l\u2019\u00e9volution de nos collections 2026 : un nouveau chapitre de Seating for a Feel-Good Project. D\u00e9couvrez comment mat\u00e9riaux durables et design contemporain se conjuguent pour cr\u00e9er des espaces centr\u00e9s sur le bien-\u00eatre.<\/p>\n<p>Venez nous rencontrer pour un voyage entre confort et recherche.<\/p>\n","protected":false},"excerpt":{"rendered":"<p>Du 19 au 21 mai, nous serons au c\u0153ur du design britannique pour la Clerkenwell Design Week. Avec nos partenaires de FremGroup, nous sommes pr\u00eats \u00e0 nous connecter avec la communaut\u00e9 des architectes et designers au Royaume-Uni. Nous y pr\u00e9sentons&#8230;<\/p>\n","protected":false},"author":2,"featured_media":0,"comment_status":"closed","ping_status":"closed","sticky":false,"template":"","format":"standard","meta":{"_acf_changed":false,"inline_featured_image":false,"footnotes":""},"categories":[185],"class_list":["post-15647","post","type-post","status-publish","format-standard","hentry","category-nouveautes"],"acf":[],"yoast_head":"<!-- This site is optimized with the Yoast SEO plugin v26.1.1 - https:\/\/yoast.com\/wordpress\/plugins\/seo\/ -->\n<title>Clerkenwell Design Week - London - Kastel<\/title>\n<meta name=\"robots\" content=\"index, follow, max-snippet:-1, max-image-preview:large, max-video-preview:-1\" \/>\n<link rel=\"canonical\" href=\"https:\/\/www.kastel.it\/fr\/clerkenwell-design-week-london\/\" \/>\n<meta property=\"og:locale\" content=\"fr_FR\" \/>\n<meta property=\"og:type\" content=\"article\" \/>\n<meta property=\"og:title\" content=\"Clerkenwell Design Week - London - Kastel\" \/>\n<meta property=\"og:description\" content=\"Du 19 au 21 mai, nous serons au c\u0153ur du design britannique pour la Clerkenwell Design Week. Avec nos partenaires de FremGroup, nous sommes pr\u00eats \u00e0 nous connecter avec la communaut\u00e9 des architectes et designers au Royaume-Uni. Nous y pr\u00e9sentons...\" \/>\n<meta property=\"og:url\" content=\"https:\/\/www.kastel.it\/fr\/clerkenwell-design-week-london\/\" \/>\n<meta property=\"og:site_name\" content=\"Kastel\" \/>\n<meta property=\"article:publisher\" content=\"https:\/\/www.facebook.com\/kasteldesignsrl\/\" \/>\n<meta property=\"article:published_time\" content=\"2026-04-28T11:46:34+00:00\" \/>\n<meta property=\"article:modified_time\" content=\"2026-04-28T14:54:46+00:00\" \/>\n<meta name=\"author\" content=\"kastel\" \/>\n<meta name=\"twitter:card\" content=\"summary_large_image\" \/>\n<meta name=\"twitter:label1\" content=\"\u00c9crit par\" \/>\n\t<meta name=\"twitter:data1\" content=\"kastel\" \/>\n\t<meta name=\"twitter:label2\" content=\"Dur\u00e9e de lecture estim\u00e9e\" \/>\n\t<meta name=\"twitter:data2\" content=\"1 minute\" \/>\n<script type=\"application\/ld+json\" class=\"yoast-schema-graph\">{\"@context\":\"https:\/\/schema.org\",\"@graph\":[{\"@type\":\"WebPage\",\"@id\":\"https:\/\/www.kastel.it\/fr\/clerkenwell-design-week-london\/\",\"url\":\"https:\/\/www.kastel.it\/fr\/clerkenwell-design-week-london\/\",\"name\":\"Clerkenwell Design Week - London - Kastel\",\"isPartOf\":{\"@id\":\"https:\/\/www.kastel.it\/fr\/#website\"},\"datePublished\":\"2026-04-28T11:46:34+00:00\",\"dateModified\":\"2026-04-28T14:54:46+00:00\",\"author\":{\"@id\":\"https:\/\/www.kastel.it\/fr\/#\/schema\/person\/a5c40250c6fdfc6fc93e9aeff0094d40\"},\"inLanguage\":\"fr-FR\",\"potentialAction\":[{\"@type\":\"ReadAction\",\"target\":[\"https:\/\/www.kastel.it\/fr\/clerkenwell-design-week-london\/\"]}]},{\"@type\":\"WebSite\",\"@id\":\"https:\/\/www.kastel.it\/fr\/#website\",\"url\":\"https:\/\/www.kastel.it\/fr\/\",\"name\":\"Kastel\",\"description\":\"Kastel opera nel settore dell&#039;arredo con produzioni diversificate di sedute per ufficio, comunit\u00e0 e casa. Sedie, tavoli e sgabelli dal design e comfort ricercati.\",\"potentialAction\":[{\"@type\":\"SearchAction\",\"target\":{\"@type\":\"EntryPoint\",\"urlTemplate\":\"https:\/\/www.kastel.it\/fr\/?s={search_term_string}\"},\"query-input\":{\"@type\":\"PropertyValueSpecification\",\"valueRequired\":true,\"valueName\":\"search_term_string\"}}],\"inLanguage\":\"fr-FR\"},{\"@type\":\"Person\",\"@id\":\"https:\/\/www.kastel.it\/fr\/#\/schema\/person\/a5c40250c6fdfc6fc93e9aeff0094d40\",\"name\":\"kastel\",\"image\":{\"@type\":\"ImageObject\",\"inLanguage\":\"fr-FR\",\"@id\":\"https:\/\/www.kastel.it\/fr\/#\/schema\/person\/image\/\",\"url\":\"https:\/\/secure.gravatar.com\/avatar\/ec3fdd2a76dfc42ec441c03f7f433fa909d566a5c5e6635c066777c8494aaa77?s=96&d=mm&r=g\",\"contentUrl\":\"https:\/\/secure.gravatar.com\/avatar\/ec3fdd2a76dfc42ec441c03f7f433fa909d566a5c5e6635c066777c8494aaa77?s=96&d=mm&r=g\",\"caption\":\"kastel\"}}]}<\/script>\n<!-- \/ Yoast SEO plugin. -->","yoast_head_json":{"title":"Clerkenwell Design Week - London - Kastel","robots":{"index":"index","follow":"follow","max-snippet":"max-snippet:-1","max-image-preview":"max-image-preview:large","max-video-preview":"max-video-preview:-1"},"canonical":"https:\/\/www.kastel.it\/fr\/clerkenwell-design-week-london\/","og_locale":"fr_FR","og_type":"article","og_title":"Clerkenwell Design Week - London - Kastel","og_description":"Du 19 au 21 mai, nous serons au c\u0153ur du design britannique pour la Clerkenwell Design Week. Avec nos partenaires de FremGroup, nous sommes pr\u00eats \u00e0 nous connecter avec la communaut\u00e9 des architectes et designers au Royaume-Uni. Nous y pr\u00e9sentons...","og_url":"https:\/\/www.kastel.it\/fr\/clerkenwell-design-week-london\/","og_site_name":"Kastel","article_publisher":"https:\/\/www.facebook.com\/kasteldesignsrl\/","article_published_time":"2026-04-28T11:46:34+00:00","article_modified_time":"2026-04-28T14:54:46+00:00","author":"kastel","twitter_card":"summary_large_image","twitter_misc":{"\u00c9crit par":"kastel","Dur\u00e9e de lecture estim\u00e9e":"1 minute"},"schema":{"@context":"https:\/\/schema.org","@graph":[{"@type":"WebPage","@id":"https:\/\/www.kastel.it\/fr\/clerkenwell-design-week-london\/","url":"https:\/\/www.kastel.it\/fr\/clerkenwell-design-week-london\/","name":"Clerkenwell Design Week - London - Kastel","isPartOf":{"@id":"https:\/\/www.kastel.it\/fr\/#website"},"datePublished":"2026-04-28T11:46:34+00:00","dateModified":"2026-04-28T14:54:46+00:00","author":{"@id":"https:\/\/www.kastel.it\/fr\/#\/schema\/person\/a5c40250c6fdfc6fc93e9aeff0094d40"},"inLanguage":"fr-FR","potentialAction":[{"@type":"ReadAction","target":["https:\/\/www.kastel.it\/fr\/clerkenwell-design-week-london\/"]}]},{"@type":"WebSite","@id":"https:\/\/www.kastel.it\/fr\/#website","url":"https:\/\/www.kastel.it\/fr\/","name":"Kastel","description":"Kastel opera nel settore dell&#039;arredo con produzioni diversificate di sedute per ufficio, comunit\u00e0 e casa. Sedie, tavoli e sgabelli dal design e comfort ricercati.","potentialAction":[{"@type":"SearchAction","target":{"@type":"EntryPoint","urlTemplate":"https:\/\/www.kastel.it\/fr\/?s={search_term_string}"},"query-input":{"@type":"PropertyValueSpecification","valueRequired":true,"valueName":"search_term_string"}}],"inLanguage":"fr-FR"},{"@type":"Person","@id":"https:\/\/www.kastel.it\/fr\/#\/schema\/person\/a5c40250c6fdfc6fc93e9aeff0094d40","name":"kastel","image":{"@type":"ImageObject","inLanguage":"fr-FR","@id":"https:\/\/www.kastel.it\/fr\/#\/schema\/person\/image\/","url":"https:\/\/secure.gravatar.com\/avatar\/ec3fdd2a76dfc42ec441c03f7f433fa909d566a5c5e6635c066777c8494aaa77?s=96&d=mm&r=g","contentUrl":"https:\/\/secure.gravatar.com\/avatar\/ec3fdd2a76dfc42ec441c03f7f433fa909d566a5c5e6635c066777c8494aaa77?s=96&d=mm&r=g","caption":"kastel"}}]}},"_links":{"self":[{"href":"https:\/\/www.kastel.it\/fr\/wp-json\/wp\/v2\/posts\/15647","targetHints":{"allow":["GET"]}}],"collection":[{"href":"https:\/\/www.kastel.it\/fr\/wp-json\/wp\/v2\/posts"}],"about":[{"href":"https:\/\/www.kastel.it\/fr\/wp-json\/wp\/v2\/types\/post"}],"author":[{"embeddable":true,"href":"https:\/\/www.kastel.it\/fr\/wp-json\/wp\/v2\/users\/2"}],"replies":[{"embeddable":true,"href":"https:\/\/www.kastel.it\/fr\/wp-json\/wp\/v2\/comments?post=15647"}],"version-history":[{"count":1,"href":"https:\/\/www.kastel.it\/fr\/wp-json\/wp\/v2\/posts\/15647\/revisions"}],"predecessor-version":[{"id":15651,"href":"https:\/\/www.kastel.it\/fr\/wp-json\/wp\/v2\/posts\/15647\/revisions\/15651"}],"wp:attachment":[{"href":"https:\/\/www.kastel.it\/fr\/wp-json\/wp\/v2\/media?parent=15647"}],"wp:term":[{"taxonomy":"category","embeddable":true,"href":"https:\/\/www.kastel.it\/fr\/wp-json\/wp\/v2\/categories?post=15647"}],"curies":[{"name":"wp","href":"https:\/\/api.w.org\/{rel}","templated":true}]}}